{"id":30327,"date":"2025-12-18T15:00:02","date_gmt":"2025-12-18T14:00:02","guid":{"rendered":"https:\/\/www.theorieblog.de\/?p=30327"},"modified":"2025-12-18T10:43:39","modified_gmt":"2025-12-18T09:43:39","slug":"cfa-postdoc-stelle-tvl-13-im-exzellenzcluster-transforming-human-rights-fau-erlangen-nuernberg","status":"publish","type":"post","link":"https:\/\/www.theorieblog.de\/index.php\/2025\/12\/cfa-postdoc-stelle-tvl-13-im-exzellenzcluster-transforming-human-rights-fau-erlangen-nuernberg\/","title":{"rendered":"CfA: Postdoc-Stelle (TVL-13) im Exzellenzcluster \u201eTransforming Human Rights\u201c (FAU Erlangen-N\u00fcrnberg)"},"content":{"rendered":"<p>Im Exzellenzcluster \u201eTransforming Human Rights\u201c an der FAU Erlangen-N\u00fcrnberg ist eine Postdoc-Stelle (TVL-13) ausgeschrieben, f\u00fcr die eine theoriestarke Person gesucht wird. Die Vertragslaufzeit ist f\u00fcr den F\u00f6rderungszeitraum 2026-2032 angesetzt. Die Vollzeitstelle sieht neben eigener Forschungsarbeit &#8211; inklusive der M\u00f6glichkeit zur Habilitation &#8211; (60% der Arbeitszeit) auch Koordinationsaufgaben im sog. \u201eResearch Innovation Hub\u201c in Zusammenarbeit mit den Leitern des Zentrums Prof. Almut Schilling-Vacaflor and Prof. Erasmus Mayr (40% der Arbeitszeit) vor. <strong>Achtung: Die Bewerbungsfrist endet bereits am 7. Januar 2026!<\/strong> Hier geht\u2019s zur <a href=\"https:\/\/www.humanrights.fau.de\/files\/2025\/11\/CfA-Cluster-of-Excellence-Transforming-Human-Rights-Research-Innovation-Hub-2026_2032.pdf\" target=\"_blank\" rel=\"noopener\">vollst\u00e4ndigen Ausschreibung<\/a>.<\/p>\n","protected":false},"excerpt":{"rendered":"<p>Im Exzellenzcluster \u201eTransforming Human Rights\u201c an der FAU Erlangen-N\u00fcrnberg ist eine Postdoc-Stelle (TVL-13) ausgeschrieben, f\u00fcr die eine theoriestarke Person gesucht wird. Die Vertragslaufzeit ist f\u00fcr den F\u00f6rderungszeitraum 2026-2032 angesetzt. Die Vollzeitstelle sieht neben eigener Forschungsarbeit &#8211; inklusive der M\u00f6glichkeit zur Habilitation &#8211; (60% der Arbeitszeit) auch Koordinationsaufgaben im sog. \u201eResearch Innovation Hub\u201c in Zusammenarbeit mit [&hellip;]<\/p>\n","protected":false},"author":365,"featured_media":0,"comment_status":"open","ping_status":"closed","sticky":false,"template":"","format":"standard","meta":{"site-sidebar-layout":"default","site-content-layout":"","ast-site-content-layout":"default","site-content-style":"default","site-sidebar-style":"default","ast-global-header-display":"","ast-banner-title-visibility":"","ast-main-header-display":"","ast-hfb-above-header-display":"","ast-hfb-below-header-display":"","ast-hfb-mobile-header-display":"","site-post-title":"","ast-breadcrumbs-content":"","ast-featured-img":"","footer-sml-layout":"","ast-disable-related-posts":"","theme-transparent-header-meta":"","adv-header-id-meta":"","stick-header-meta":"","header-above-stick-meta":"","header-main-stick-meta":"","header-below-stick-meta":"","astra-migrate-meta-layouts":"default","ast-page-background-enabled":"default","ast-page-background-meta":{"desktop":{"background-color":"var(--ast-global-color-5)","background-image":"","background-repeat":"repeat","background-position":"center center","background-size":"auto","background-attachment":"scroll","background-type":"","background-media":"","overlay-type":"","overlay-color":"","overlay-opacity":"","overlay-gradient":""},"tablet":{"background-color":"","background-image":"","background-repeat":"repeat","background-position":"center center","background-size":"auto","background-attachment":"scroll","background-type":"","background-media":"","overlay-type":"","overlay-color":"","overlay-opacity":"","overlay-gradient":""},"mobile":{"background-color":"","background-image":"","background-repeat":"repeat","background-position":"center center","background-size":"auto","background-attachment":"scroll","background-type":"","background-media":"","overlay-type":"","overlay-color":"","overlay-opacity":"","overlay-gradient":""}},"ast-content-background-meta":{"desktop":{"background-color":"var(--ast-global-color-4)","background-image":"","background-repeat":"repeat","background-position":"center center","background-size":"auto","background-attachment":"scroll","background-type":"","background-media":"","overlay-type":"","overlay-color":"","overlay-opacity":"","overlay-gradient":""},"tablet":{"background-color":"var(--ast-global-color-4)","background-image":"","background-repeat":"repeat","background-position":"center center","background-size":"auto","background-attachment":"scroll","background-type":"","background-media":"","overlay-type":"","overlay-color":"","overlay-opacity":"","overlay-gradient":""},"mobile":{"background-color":"var(--ast-global-color-4)","background-image":"","background-repeat":"repeat","background-position":"center center","background-size":"auto","background-attachment":"scroll","background-type":"","background-media":"","overlay-type":"","overlay-color":"","overlay-opacity":"","overlay-gradient":""}},"footnotes":""},"categories":[8,3025],"tags":[530,866,3232,54,71,14,4700],"coauthors":[3907],"class_list":["post-30327","post","type-post","status-publish","format-standard","hentry","category-jobs-stipendien","category-service","tag-cfa","tag-exzellenzcluster","tag-fau-erlangen-nuernberg","tag-menschenrechte","tag-politische-philosophie","tag-politische-theorie","tag-postdoc-stelle"],"_links":{"self":[{"href":"https:\/\/www.theorieblog.de\/index.php\/wp-json\/wp\/v2\/posts\/30327","targetHints":{"allow":["GET"]}}],"collection":[{"href":"https:\/\/www.theorieblog.de\/index.php\/wp-json\/wp\/v2\/posts"}],"about":[{"href":"https:\/\/www.theorieblog.de\/index.php\/wp-json\/wp\/v2\/types\/post"}],"author":[{"embeddable":true,"href":"https:\/\/www.theorieblog.de\/index.php\/wp-json\/wp\/v2\/users\/365"}],"replies":[{"embeddable":true,"href":"https:\/\/www.theorieblog.de\/index.php\/wp-json\/wp\/v2\/comments?post=30327"}],"version-history":[{"count":0,"href":"https:\/\/www.theorieblog.de\/index.php\/wp-json\/wp\/v2\/posts\/30327\/revisions"}],"wp:attachment":[{"href":"https:\/\/www.theorieblog.de\/index.php\/wp-json\/wp\/v2\/media?parent=30327"}],"wp:term":[{"taxonomy":"category","embeddable":true,"href":"https:\/\/www.theorieblog.de\/index.php\/wp-json\/wp\/v2\/categories?post=30327"},{"taxonomy":"post_tag","embeddable":true,"href":"https:\/\/www.theorieblog.de\/index.php\/wp-json\/wp\/v2\/tags?post=30327"},{"taxonomy":"author","embeddable":true,"href":"https:\/\/www.theorieblog.de\/index.php\/wp-json\/wp\/v2\/coauthors?post=30327"}],"curies":[{"name":"wp","href":"https:\/\/api.w.org\/{rel}","templated":true}]}}