{"id":26505,"date":"2023-06-15T12:47:26","date_gmt":"2023-06-15T10:47:26","guid":{"rendered":"https:\/\/www.theorieblog.de\/?p=26505"},"modified":"2023-06-14T12:53:53","modified_gmt":"2023-06-14T10:53:53","slug":"cfa-wissenschaftlicher-mitarbeiterin-nicht-ganz-drei-jahre-100-tv-l-13","status":"publish","type":"post","link":"https:\/\/www.theorieblog.de\/index.php\/2023\/06\/cfa-wissenschaftlicher-mitarbeiterin-nicht-ganz-drei-jahre-100-tv-l-13\/","title":{"rendered":"CfA: Wissenschaftliche:r Mitarbeiter:in (nicht ganz drei Jahre, 100% TV-L 13)"},"content":{"rendered":"<p>An der Philosophischen Fakult\u00e4t der Uni Passau ist an der Juniorprofessur f\u00fcr Angewandte Ethik (Professorin Dr. Karoline Reinhardt) zum 1. August 2023 eine Stelle als Wissenschaftliche:r Mitarbeiter:in mit 100 Prozent der regelm\u00e4\u00dfigen Arbeitszeit zu besetzen. Die Stelle ist grunds\u00e4tzlich teilbar und befristet bis zum 31. Mai 2026. Die Eingruppierung erfolgt in Entgeltgruppe 13 des TV-L. Die Arbeitsschwerpunkte der ausgeschrieben Stelle liegen in der Durchf\u00fchrung eigenst\u00e4ndiger Forschungsarbeiten zum Thema diversit\u00e4tsgerechter Privatheitsschutz in digitalen Umgebungen im Rahmen eines Drittmittelprojekts. Die Stelle bietet die M\u00f6glichkeit der wissenschaftlichen Weiterqualifikation (Promotion oder Habilitation). Die Bewerbungsfrist ist der 30.06.2023, alle Details zur Ausschreibung finden sich hier.<\/p>\n","protected":false},"excerpt":{"rendered":"<p>An der Philosophischen Fakult\u00e4t der Uni Passau ist an der Juniorprofessur f\u00fcr Angewandte Ethik (Professorin Dr. Karoline Reinhardt) zum 1. August 2023 eine Stelle als Wissenschaftliche:r Mitarbeiter:in mit 100 Prozent der regelm\u00e4\u00dfigen Arbeitszeit zu besetzen. Die Stelle ist grunds\u00e4tzlich teilbar und befristet bis zum 31. Mai 2026. Die Eingruppierung erfolgt in Entgeltgruppe 13 des TV-L. [&hellip;]<\/p>\n","protected":false},"author":87,"featured_media":0,"comment_status":"open","ping_status":"closed","sticky":false,"template":"","format":"standard","meta":{"site-sidebar-layout":"default","site-content-layout":"","ast-site-content-layout":"default","site-content-style":"default","site-sidebar-style":"default","ast-global-header-display":"","ast-banner-title-visibility":"","ast-main-header-display":"","ast-hfb-above-header-display":"","ast-hfb-below-header-display":"","ast-hfb-mobile-header-display":"","site-post-title":"","ast-breadcrumbs-content":"","ast-featured-img":"","footer-sml-layout":"","ast-disable-related-posts":"","theme-transparent-header-meta":"","adv-header-id-meta":"","stick-header-meta":"","header-above-stick-meta":"","header-main-stick-meta":"","header-below-stick-meta":"","astra-migrate-meta-layouts":"default","ast-page-background-enabled":"default","ast-page-background-meta":{"desktop":{"background-color":"var(--ast-global-color-5)","background-image":"","background-repeat":"repeat","background-position":"center center","background-size":"auto","background-attachment":"scroll","background-type":"","background-media":"","overlay-type":"","overlay-color":"","overlay-opacity":"","overlay-gradient":""},"tablet":{"background-color":"","background-image":"","background-repeat":"repeat","background-position":"center center","background-size":"auto","background-attachment":"scroll","background-type":"","background-media":"","overlay-type":"","overlay-color":"","overlay-opacity":"","overlay-gradient":""},"mobile":{"background-color":"","background-image":"","background-repeat":"repeat","background-position":"center center","background-size":"auto","background-attachment":"scroll","background-type":"","background-media":"","overlay-type":"","overlay-color":"","overlay-opacity":"","overlay-gradient":""}},"ast-content-background-meta":{"desktop":{"background-color":"var(--ast-global-color-4)","background-image":"","background-repeat":"repeat","background-position":"center center","background-size":"auto","background-attachment":"scroll","background-type":"","background-media":"","overlay-type":"","overlay-color":"","overlay-opacity":"","overlay-gradient":""},"tablet":{"background-color":"var(--ast-global-color-4)","background-image":"","background-repeat":"repeat","background-position":"center center","background-size":"auto","background-attachment":"scroll","background-type":"","background-media":"","overlay-type":"","overlay-color":"","overlay-opacity":"","overlay-gradient":""},"mobile":{"background-color":"var(--ast-global-color-4)","background-image":"","background-repeat":"repeat","background-position":"center center","background-size":"auto","background-attachment":"scroll","background-type":"","background-media":"","overlay-type":"","overlay-color":"","overlay-opacity":"","overlay-gradient":""}},"footnotes":""},"categories":[8],"tags":[1765,1547,41,1200,4137,4138],"coauthors":[1401],"class_list":["post-26505","post","type-post","status-publish","format-standard","hentry","category-jobs-stipendien","tag-angewandte-ethik","tag-diversitaet","tag-gerechtigkeit","tag-privatheit","tag-uni-passau","tag-wissenschfaftlicher-mitarbeiterin"],"_links":{"self":[{"href":"https:\/\/www.theorieblog.de\/index.php\/wp-json\/wp\/v2\/posts\/26505","targetHints":{"allow":["GET"]}}],"collection":[{"href":"https:\/\/www.theorieblog.de\/index.php\/wp-json\/wp\/v2\/posts"}],"about":[{"href":"https:\/\/www.theorieblog.de\/index.php\/wp-json\/wp\/v2\/types\/post"}],"author":[{"embeddable":true,"href":"https:\/\/www.theorieblog.de\/index.php\/wp-json\/wp\/v2\/users\/87"}],"replies":[{"embeddable":true,"href":"https:\/\/www.theorieblog.de\/index.php\/wp-json\/wp\/v2\/comments?post=26505"}],"version-history":[{"count":0,"href":"https:\/\/www.theorieblog.de\/index.php\/wp-json\/wp\/v2\/posts\/26505\/revisions"}],"wp:attachment":[{"href":"https:\/\/www.theorieblog.de\/index.php\/wp-json\/wp\/v2\/media?parent=26505"}],"wp:term":[{"taxonomy":"category","embeddable":true,"href":"https:\/\/www.theorieblog.de\/index.php\/wp-json\/wp\/v2\/categories?post=26505"},{"taxonomy":"post_tag","embeddable":true,"href":"https:\/\/www.theorieblog.de\/index.php\/wp-json\/wp\/v2\/tags?post=26505"},{"taxonomy":"author","embeddable":true,"href":"https:\/\/www.theorieblog.de\/index.php\/wp-json\/wp\/v2\/coauthors?post=26505"}],"curies":[{"name":"wp","href":"https:\/\/api.w.org\/{rel}","templated":true}]}}