{"id":22146,"date":"2020-01-17T12:00:14","date_gmt":"2020-01-17T11:00:14","guid":{"rendered":"https:\/\/www.theorieblog.de\/?p=22146"},"modified":"2025-03-14T16:05:13","modified_gmt":"2025-03-14T15:05:13","slug":"programm-der-fruehjahrstagung-der-theoriesektion-tu-dresden","status":"publish","type":"post","link":"https:\/\/www.theorieblog.de\/index.php\/2020\/01\/programm-der-fruehjahrstagung-der-theoriesektion-tu-dresden\/","title":{"rendered":"Programm der Fr\u00fchjahrstagung der Theoriesektion (TU Dresden)"},"content":{"rendered":"<p>Die Fr\u00fchjahrstagung der Theoriesektion der DVPW findet vom 18. bis 20. M\u00e4rz zum Thema &#8222;Migration \u2013 Herausforderungen im Spannungsfeld von Theorie und Praxis&#8220; an der TU Dresden statt. Das Programm steht nun fest und kann <a href=\"https:\/\/www.theorieblog.de\/wp-content\/uploads\/2020\/01\/Programm_DVPW_Sektionstagung_korrigiert.pdf\" target=\"_blank\" rel=\"noopener\">hier<\/a> abgerufen werden (und jetzt auch <a href=\"https:\/\/www.theorieblog.de\/wp-content\/uploads\/2020\/01\/DVPW-Sektionstagung-Dresden-Programm-Flyer.pdf\">hier als Flyer<\/a>). Die Keynotes werden von Anna L\u00fcbbe (Hochschule Fulda) und Lea Ypi (LSE) gehalten. Au\u00dferdem wird es ein Gespr\u00e4ch zwischen Bundesminister a.D. Thomas de Maizi\u00e8re und Hans Vorl\u00e4nder zum Thema &#8222;Gutes Regieren in Zeiten der Migration&#8220; geben. Um Anmeldungen wird bis zum 8. M\u00e4rz an <a>midem.anmeldung@mailbox.tu-dresden.de<\/a> gebeten.*<\/p>\n<p>&nbsp;<\/p>\n<p><em>* Achtung: In einer fr\u00fcheren Fassung des Tagungsprogramms war eine falsche Anmeldeadresse vermerkt. Im Fall einer Fehlermeldung ist darum eine erneute Anmeldung \u00fcber die oben genannte (nunmehr richtige) Adresse zielf\u00fchrend. Zudem wurde seitens der Organisator_innen darauf aufmerksam gemacht, dass parallel zur Sektionstagung eine Gro\u00dfveranstaltung in Dresden geplant ist, weshalb sich rechtzeitige Buchungen besonders empfehlen (team\/Redaktion).<\/em><\/p>\n","protected":false},"excerpt":{"rendered":"<p>Die Fr\u00fchjahrstagung der Theoriesektion der DVPW findet vom 18. bis 20. M\u00e4rz zum Thema &#8222;Migration \u2013 Herausforderungen im Spannungsfeld von Theorie und Praxis&#8220; an der TU Dresden statt. Das Programm steht nun fest und kann hier abgerufen werden (und jetzt auch hier als Flyer). Die Keynotes werden von Anna L\u00fcbbe (Hochschule Fulda) und Lea Ypi [&hellip;]<\/p>\n","protected":false},"author":151,"featured_media":0,"comment_status":"open","ping_status":"closed","sticky":false,"template":"","format":"standard","meta":{"site-sidebar-layout":"default","site-content-layout":"","ast-site-content-layout":"default","site-content-style":"default","site-sidebar-style":"default","ast-global-header-display":"","ast-banner-title-visibility":"","ast-main-header-display":"","ast-hfb-above-header-display":"","ast-hfb-below-header-display":"","ast-hfb-mobile-header-display":"","site-post-title":"","ast-breadcrumbs-content":"","ast-featured-img":"","footer-sml-layout":"","ast-disable-related-posts":"","theme-transparent-header-meta":"","adv-header-id-meta":"","stick-header-meta":"","header-above-stick-meta":"","header-main-stick-meta":"","header-below-stick-meta":"","astra-migrate-meta-layouts":"default","ast-page-background-enabled":"default","ast-page-background-meta":{"desktop":{"background-color":"var(--ast-global-color-5)","background-image":"","background-repeat":"repeat","background-position":"center center","background-size":"auto","background-attachment":"scroll","background-type":"","background-media":"","overlay-type":"","overlay-color":"","overlay-opacity":"","overlay-gradient":""},"tablet":{"background-color":"","background-image":"","background-repeat":"repeat","background-position":"center center","background-size":"auto","background-attachment":"scroll","background-type":"","background-media":"","overlay-type":"","overlay-color":"","overlay-opacity":"","overlay-gradient":""},"mobile":{"background-color":"","background-image":"","background-repeat":"repeat","background-position":"center center","background-size":"auto","background-attachment":"scroll","background-type":"","background-media":"","overlay-type":"","overlay-color":"","overlay-opacity":"","overlay-gradient":""}},"ast-content-background-meta":{"desktop":{"background-color":"var(--ast-global-color-4)","background-image":"","background-repeat":"repeat","background-position":"center center","background-size":"auto","background-attachment":"scroll","background-type":"","background-media":"","overlay-type":"","overlay-color":"","overlay-opacity":"","overlay-gradient":""},"tablet":{"background-color":"var(--ast-global-color-4)","background-image":"","background-repeat":"repeat","background-position":"center center","background-size":"auto","background-attachment":"scroll","background-type":"","background-media":"","overlay-type":"","overlay-color":"","overlay-opacity":"","overlay-gradient":""},"mobile":{"background-color":"var(--ast-global-color-4)","background-image":"","background-repeat":"repeat","background-position":"center center","background-size":"auto","background-attachment":"scroll","background-type":"","background-media":"","overlay-type":"","overlay-color":"","overlay-opacity":"","overlay-gradient":""}},"footnotes":""},"categories":[4561],"tags":[548,2329,2668,176,3221],"coauthors":[2099],"class_list":["post-22146","post","type-post","status-publish","format-standard","hentry","category-alte-veranstaltungen-und-cfp","tag-migration","tag-sektion-politische-theorie-und-ideengeschichte","tag-sektionstagung","tag-theoriesektion","tag-tu-dresden"],"_links":{"self":[{"href":"https:\/\/www.theorieblog.de\/index.php\/wp-json\/wp\/v2\/posts\/22146","targetHints":{"allow":["GET"]}}],"collection":[{"href":"https:\/\/www.theorieblog.de\/index.php\/wp-json\/wp\/v2\/posts"}],"about":[{"href":"https:\/\/www.theorieblog.de\/index.php\/wp-json\/wp\/v2\/types\/post"}],"author":[{"embeddable":true,"href":"https:\/\/www.theorieblog.de\/index.php\/wp-json\/wp\/v2\/users\/151"}],"replies":[{"embeddable":true,"href":"https:\/\/www.theorieblog.de\/index.php\/wp-json\/wp\/v2\/comments?post=22146"}],"version-history":[{"count":0,"href":"https:\/\/www.theorieblog.de\/index.php\/wp-json\/wp\/v2\/posts\/22146\/revisions"}],"wp:attachment":[{"href":"https:\/\/www.theorieblog.de\/index.php\/wp-json\/wp\/v2\/media?parent=22146"}],"wp:term":[{"taxonomy":"category","embeddable":true,"href":"https:\/\/www.theorieblog.de\/index.php\/wp-json\/wp\/v2\/categories?post=22146"},{"taxonomy":"post_tag","embeddable":true,"href":"https:\/\/www.theorieblog.de\/index.php\/wp-json\/wp\/v2\/tags?post=22146"},{"taxonomy":"author","embeddable":true,"href":"https:\/\/www.theorieblog.de\/index.php\/wp-json\/wp\/v2\/coauthors?post=22146"}],"curies":[{"name":"wp","href":"https:\/\/api.w.org\/{rel}","templated":true}]}}